{"id":19557,"date":"2021-09-18T17:44:51","date_gmt":"2021-09-18T17:44:51","guid":{"rendered":"https:\/\/portansereserve.com\/heritage-days-the-port-of-anse-de-la-reserve-opens-to-the-general-public\/"},"modified":"2022-06-07T15:53:35","modified_gmt":"2022-06-07T15:53:35","slug":"heritage-days-the-port-of-anse-de-la-reserve-opens-to-the-general-public","status":"publish","type":"post","link":"https:\/\/portansereserve.com\/en\/heritage-days-the-port-of-anse-de-la-reserve-opens-to-the-general-public\/","title":{"rendered":"Heritage Days: The Port of Anse de la R\u00e9serve opens to the general public"},"content":{"rendered":"<p>Source: https:\/\/www.frequence-sud.fr\/art-76591-journees_du_patrimoine__le_port_de_l_anse_de_la_reserve_ouvre_au_grand_public_marseille<\/p>\n<p>The Port of Anse de la R\u00e9serve, managed by the Aix-Marseille-Provence metropolitan CCI, is open to the general public on the occasion of European Heritage Days on Saturday September 18 from 10 a.m. to 5 p.m.<\/p>\n<p>An opportunity to discover this port located at the end of the Old Port of Marseille and to participate in various workshops related to its history.<\/p>\n<p>The Port of Anse de la R\u00e9serve is part of Marseille&#8217;s heritage and is part of the city&#8217;s history: fishing, driftwood exploitation, ship repair, nautical activities, catering, sports&#8230; this preserved place has hosted various activities. and populations over the centuries. The history of this small shallow bay is distant: a wild bay rich in rock fish, a favorite ground for fishermen with the first traces of organized and commercial human activities attested by texts in the 17th century, the place has always attracted the people of Marseilles. .<\/p>\n<h2>The Port of Anse de la R\u00e9serve opens to the general public: the program<\/h2>\n<p>In addition to guided tours organized in partnership with the Marseille Metropolitan Tourist and Convention Office, stands and workshops will present know-how in a fun way: guided drawing workshop, crossing in a Marseille boat, seamanship workshop, exhibitions of crafts. This year, a stand of the Conservatoire du littoral proposes to raise public awareness of the specific conservation issues of the natural heritage in the Mediterranean.<\/p>\n<p><strong>Guided tour of the Port of Anse de la R\u00e9serve<\/strong><br \/>\nThe Marseille Metropolitan Tourist and Convention Office offers a guided tour of this little-known little port, a major place in the history of Marseille.<br \/>\nDeparture from the entrance in front of the gate of the Port of Anse de la R\u00e9serve.<\/p>\n<p>Visiting times: 10 a.m., 11:15 a.m., 2 p.m. and 3:30 p.m. Duration: 1h \u2013 1h15. Free.<br \/>\nFree registration required \u2013 limited places: 0826 500 500 (0.15 euros\/min from a landline).<\/p>\n<p><strong>Crossing in a Marseille barquette<\/strong><br \/>\nTransfer from the Port of Anse de la R\u00e9serve to the Mucem aboard a Marseilles boat classified as a historical monument<\/p>\n<p>Departures every 30 min. between 10 a.m. and 12 p.m. \u2013 2 p.m. and 4:30 p.m. Duration: approximately 15 minutes<br \/>\nPlaces limited to 8 people. Registration on site. Free.<\/p>\n<p><strong>Guided drawing workshop<\/strong><br \/>\nExplore a secret cove and find your artistic side! Practice your pencil strokes in front of the most prestigious heritage of the Old Port: Fort Saint Jean, the Le Large dyke\u2026 Workshop guided by Ghislaine Paillet.<\/p>\n<p>Opening hours: 10 a.m., 11 a.m., 12 p.m. then 2 p.m., 3 p.m. and 4 p.m. Duration: approximately 1 hour.<br \/>\nRegistration on site (from 9:45 a.m.). Free.<\/p>\n<p><strong>Exhibition of crafts and boating<\/strong><br \/>\nDemonstrations and exhibitions of creations by students and teachers from the Vocational School Poinso-Chapuis: ornamental sculpture, art marquetry, nautical maintenance, layout.<\/p>\n<p>Free visit.<br \/>\nOpening hours: 10 a.m. to 12:30 p.m. and 2 p.m. to 5 p.m.<\/p>\n<p><strong>Outdoor seamanship workshop<\/strong><br \/>\nIntroductory workshops on marine knots, splices, decorative seamanship (bracelets) and exhibition of decorated tools. Free workshops, places limited to 12 people per workshop.<\/p>\n<p>Reservation on site only.<br \/>\nSanitary pass to be presented at the entrance and wearing a mask is compulsory.<\/p>\n","protected":false},"excerpt":{"rendered":"<p>The Port of Anse de la R\u00e9serve, managed by the Aix-Marseille-Provence metropolitan CCI, is open to the general public on the occasion of European Heritage Days on Saturday September 18 from 10 a.m. to 5 p.m.<\/p>\n","protected":false},"author":2,"featured_media":18478,"comment_status":"closed","ping_status":"closed","sticky":false,"template":"","format":"standard","meta":{"inline_featured_image":false,"footnotes":""},"categories":[192],"tags":[],"class_list":["post-19557","post","type-post","status-publish","format-standard","has-post-thumbnail","hentry","category-heritage"],"yoast_head":"<!-- This site is optimized with the Yoast SEO plugin v27.5 - https:\/\/yoast.com\/product\/yoast-seo-wordpress\/ -->\n<title>Heritage Days: The Port of Anse de la R\u00e9serve opens to the general public - Port Anse de la R\u00e9serve<\/title>\n<meta name=\"description\" content=\"The Port of Anse de la R\u00e9serve, managed by the Aix-Marseille-Provence metropolitan CCI, is open to the general public on the occasion of European Heritage Days on Saturday September 18 from 10 a.m. to 5 p.m.\" \/>\n<meta name=\"robots\" content=\"index, follow, max-snippet:-1, max-image-preview:large, max-video-preview:-1\" \/>\n<link rel=\"canonical\" href=\"https:\/\/portansereserve.com\/en\/heritage-days-the-port-of-anse-de-la-reserve-opens-to-the-general-public\/\" \/>\n<meta property=\"og:locale\" content=\"en_US\" \/>\n<meta property=\"og:type\" content=\"article\" \/>\n<meta property=\"og:title\" content=\"Heritage Days: The Port of Anse de la R\u00e9serve opens to the general public - Port Anse de la R\u00e9serve\" \/>\n<meta property=\"og:description\" content=\"The Port of Anse de la R\u00e9serve, managed by the Aix-Marseille-Provence metropolitan CCI, is open to the general public on the occasion of European Heritage Days on Saturday September 18 from 10 a.m. to 5 p.m.\" \/>\n<meta property=\"og:url\" content=\"https:\/\/portansereserve.com\/en\/heritage-days-the-port-of-anse-de-la-reserve-opens-to-the-general-public\/\" \/>\n<meta property=\"og:site_name\" content=\"Port Anse de la R\u00e9serve\" \/>\n<meta property=\"article:published_time\" content=\"2021-09-18T17:44:51+00:00\" \/>\n<meta property=\"article:modified_time\" content=\"2022-06-07T15:53:35+00:00\" \/>\n<meta property=\"og:image\" content=\"https:\/\/portansereserve.com\/wp-content\/uploads\/2020\/04\/76591.jpg\" \/>\n\t<meta property=\"og:image:width\" content=\"1200\" \/>\n\t<meta property=\"og:image:height\" content=\"500\" \/>\n\t<meta property=\"og:image:type\" content=\"image\/jpeg\" \/>\n<meta name=\"author\" content=\"adminanse\" \/>\n<meta name=\"twitter:card\" content=\"summary_large_image\" \/>\n<meta name=\"twitter:label1\" content=\"Written by\" \/>\n\t<meta name=\"twitter:data1\" content=\"adminanse\" \/>\n\t<meta name=\"twitter:label2\" content=\"Est. reading time\" \/>\n\t<meta name=\"twitter:data2\" content=\"3 minutes\" \/>\n<script type=\"application\/ld+json\" class=\"yoast-schema-graph\">{\"@context\":\"https:\\\/\\\/schema.org\",\"@graph\":[{\"@type\":\"Article\",\"@id\":\"https:\\\/\\\/portansereserve.com\\\/en\\\/heritage-days-the-port-of-anse-de-la-reserve-opens-to-the-general-public\\\/#article\",\"isPartOf\":{\"@id\":\"https:\\\/\\\/portansereserve.com\\\/en\\\/heritage-days-the-port-of-anse-de-la-reserve-opens-to-the-general-public\\\/\"},\"author\":{\"name\":\"adminanse\",\"@id\":\"https:\\\/\\\/portansereserve.com\\\/en\\\/#\\\/schema\\\/person\\\/2772ffe45fdf3962ae4519551e338122\"},\"headline\":\"Heritage Days: The Port of Anse de la R\u00e9serve opens to the general public\",\"datePublished\":\"2021-09-18T17:44:51+00:00\",\"dateModified\":\"2022-06-07T15:53:35+00:00\",\"mainEntityOfPage\":{\"@id\":\"https:\\\/\\\/portansereserve.com\\\/en\\\/heritage-days-the-port-of-anse-de-la-reserve-opens-to-the-general-public\\\/\"},\"wordCount\":548,\"publisher\":{\"@id\":\"https:\\\/\\\/portansereserve.com\\\/en\\\/#organization\"},\"image\":{\"@id\":\"https:\\\/\\\/portansereserve.com\\\/en\\\/heritage-days-the-port-of-anse-de-la-reserve-opens-to-the-general-public\\\/#primaryimage\"},\"thumbnailUrl\":\"https:\\\/\\\/portansereserve.com\\\/wp-content\\\/uploads\\\/2020\\\/04\\\/76591.jpg\",\"articleSection\":[\"Heritage\"],\"inLanguage\":\"en-US\"},{\"@type\":\"WebPage\",\"@id\":\"https:\\\/\\\/portansereserve.com\\\/en\\\/heritage-days-the-port-of-anse-de-la-reserve-opens-to-the-general-public\\\/\",\"url\":\"https:\\\/\\\/portansereserve.com\\\/en\\\/heritage-days-the-port-of-anse-de-la-reserve-opens-to-the-general-public\\\/\",\"name\":\"Heritage Days: The Port of Anse de la R\u00e9serve opens to the general public - Port Anse de la R\u00e9serve\",\"isPartOf\":{\"@id\":\"https:\\\/\\\/portansereserve.com\\\/en\\\/#website\"},\"primaryImageOfPage\":{\"@id\":\"https:\\\/\\\/portansereserve.com\\\/en\\\/heritage-days-the-port-of-anse-de-la-reserve-opens-to-the-general-public\\\/#primaryimage\"},\"image\":{\"@id\":\"https:\\\/\\\/portansereserve.com\\\/en\\\/heritage-days-the-port-of-anse-de-la-reserve-opens-to-the-general-public\\\/#primaryimage\"},\"thumbnailUrl\":\"https:\\\/\\\/portansereserve.com\\\/wp-content\\\/uploads\\\/2020\\\/04\\\/76591.jpg\",\"datePublished\":\"2021-09-18T17:44:51+00:00\",\"dateModified\":\"2022-06-07T15:53:35+00:00\",\"description\":\"The Port of Anse de la R\u00e9serve, managed by the Aix-Marseille-Provence metropolitan CCI, is open to the general public on the occasion of European Heritage Days on Saturday September 18 from 10 a.m. to 5 p.m.\",\"breadcrumb\":{\"@id\":\"https:\\\/\\\/portansereserve.com\\\/en\\\/heritage-days-the-port-of-anse-de-la-reserve-opens-to-the-general-public\\\/#breadcrumb\"},\"inLanguage\":\"en-US\",\"potentialAction\":[{\"@type\":\"ReadAction\",\"target\":[\"https:\\\/\\\/portansereserve.com\\\/en\\\/heritage-days-the-port-of-anse-de-la-reserve-opens-to-the-general-public\\\/\"]}]},{\"@type\":\"ImageObject\",\"inLanguage\":\"en-US\",\"@id\":\"https:\\\/\\\/portansereserve.com\\\/en\\\/heritage-days-the-port-of-anse-de-la-reserve-opens-to-the-general-public\\\/#primaryimage\",\"url\":\"https:\\\/\\\/portansereserve.com\\\/wp-content\\\/uploads\\\/2020\\\/04\\\/76591.jpg\",\"contentUrl\":\"https:\\\/\\\/portansereserve.com\\\/wp-content\\\/uploads\\\/2020\\\/04\\\/76591.jpg\",\"width\":1200,\"height\":500},{\"@type\":\"BreadcrumbList\",\"@id\":\"https:\\\/\\\/portansereserve.com\\\/en\\\/heritage-days-the-port-of-anse-de-la-reserve-opens-to-the-general-public\\\/#breadcrumb\",\"itemListElement\":[{\"@type\":\"ListItem\",\"position\":1,\"name\":\"Accueil\",\"item\":\"https:\\\/\\\/portansereserve.com\\\/en\\\/home\\\/\"},{\"@type\":\"ListItem\",\"position\":2,\"name\":\"Heritage Days: The Port of Anse de la R\u00e9serve opens to the general public\"}]},{\"@type\":\"WebSite\",\"@id\":\"https:\\\/\\\/portansereserve.com\\\/en\\\/#website\",\"url\":\"https:\\\/\\\/portansereserve.com\\\/en\\\/\",\"name\":\"Port Anse de la R\u00e9serve\",\"description\":\"Un port qui a une histoire !\",\"publisher\":{\"@id\":\"https:\\\/\\\/portansereserve.com\\\/en\\\/#organization\"},\"potentialAction\":[{\"@type\":\"SearchAction\",\"target\":{\"@type\":\"EntryPoint\",\"urlTemplate\":\"https:\\\/\\\/portansereserve.com\\\/en\\\/?s={search_term_string}\"},\"query-input\":{\"@type\":\"PropertyValueSpecification\",\"valueRequired\":true,\"valueName\":\"search_term_string\"}}],\"inLanguage\":\"en-US\"},{\"@type\":\"Organization\",\"@id\":\"https:\\\/\\\/portansereserve.com\\\/en\\\/#organization\",\"name\":\"Port Anse de la R\u00e9serve\",\"url\":\"https:\\\/\\\/portansereserve.com\\\/en\\\/\",\"logo\":{\"@type\":\"ImageObject\",\"inLanguage\":\"en-US\",\"@id\":\"https:\\\/\\\/portansereserve.com\\\/en\\\/#\\\/schema\\\/logo\\\/image\\\/\",\"url\":\"https:\\\/\\\/portansereserve.com\\\/wp-content\\\/uploads\\\/2022\\\/01\\\/Logo-PortAnsedelaReserve2020.png\",\"contentUrl\":\"https:\\\/\\\/portansereserve.com\\\/wp-content\\\/uploads\\\/2022\\\/01\\\/Logo-PortAnsedelaReserve2020.png\",\"width\":658,\"height\":594,\"caption\":\"Port Anse de la R\u00e9serve\"},\"image\":{\"@id\":\"https:\\\/\\\/portansereserve.com\\\/en\\\/#\\\/schema\\\/logo\\\/image\\\/\"}},{\"@type\":\"Person\",\"@id\":\"https:\\\/\\\/portansereserve.com\\\/en\\\/#\\\/schema\\\/person\\\/2772ffe45fdf3962ae4519551e338122\",\"name\":\"adminanse\",\"image\":{\"@type\":\"ImageObject\",\"inLanguage\":\"en-US\",\"@id\":\"https:\\\/\\\/secure.gravatar.com\\\/avatar\\\/d1c5b67996bde4da05af5aa8dcda7333f21eb104044e903aff27958b974f8c8a?s=96&d=identicon&r=g\",\"url\":\"https:\\\/\\\/secure.gravatar.com\\\/avatar\\\/d1c5b67996bde4da05af5aa8dcda7333f21eb104044e903aff27958b974f8c8a?s=96&d=identicon&r=g\",\"contentUrl\":\"https:\\\/\\\/secure.gravatar.com\\\/avatar\\\/d1c5b67996bde4da05af5aa8dcda7333f21eb104044e903aff27958b974f8c8a?s=96&d=identicon&r=g\",\"caption\":\"adminanse\"},\"url\":\"https:\\\/\\\/portansereserve.com\\\/en\\\/author\\\/adminanse\\\/\"}]}<\/script>\n<!-- \/ Yoast SEO plugin. -->","yoast_head_json":{"title":"Heritage Days: The Port of Anse de la R\u00e9serve opens to the general public - Port Anse de la R\u00e9serve","description":"The Port of Anse de la R\u00e9serve, managed by the Aix-Marseille-Provence metropolitan CCI, is open to the general public on the occasion of European Heritage Days on Saturday September 18 from 10 a.m. to 5 p.m.","robots":{"index":"index","follow":"follow","max-snippet":"max-snippet:-1","max-image-preview":"max-image-preview:large","max-video-preview":"max-video-preview:-1"},"canonical":"https:\/\/portansereserve.com\/en\/heritage-days-the-port-of-anse-de-la-reserve-opens-to-the-general-public\/","og_locale":"en_US","og_type":"article","og_title":"Heritage Days: The Port of Anse de la R\u00e9serve opens to the general public - Port Anse de la R\u00e9serve","og_description":"The Port of Anse de la R\u00e9serve, managed by the Aix-Marseille-Provence metropolitan CCI, is open to the general public on the occasion of European Heritage Days on Saturday September 18 from 10 a.m. to 5 p.m.","og_url":"https:\/\/portansereserve.com\/en\/heritage-days-the-port-of-anse-de-la-reserve-opens-to-the-general-public\/","og_site_name":"Port Anse de la R\u00e9serve","article_published_time":"2021-09-18T17:44:51+00:00","article_modified_time":"2022-06-07T15:53:35+00:00","og_image":[{"width":1200,"height":500,"url":"https:\/\/portansereserve.com\/wp-content\/uploads\/2020\/04\/76591.jpg","type":"image\/jpeg"}],"author":"adminanse","twitter_card":"summary_large_image","twitter_misc":{"Written by":"adminanse","Est. reading time":"3 minutes"},"schema":{"@context":"https:\/\/schema.org","@graph":[{"@type":"Article","@id":"https:\/\/portansereserve.com\/en\/heritage-days-the-port-of-anse-de-la-reserve-opens-to-the-general-public\/#article","isPartOf":{"@id":"https:\/\/portansereserve.com\/en\/heritage-days-the-port-of-anse-de-la-reserve-opens-to-the-general-public\/"},"author":{"name":"adminanse","@id":"https:\/\/portansereserve.com\/en\/#\/schema\/person\/2772ffe45fdf3962ae4519551e338122"},"headline":"Heritage Days: The Port of Anse de la R\u00e9serve opens to the general public","datePublished":"2021-09-18T17:44:51+00:00","dateModified":"2022-06-07T15:53:35+00:00","mainEntityOfPage":{"@id":"https:\/\/portansereserve.com\/en\/heritage-days-the-port-of-anse-de-la-reserve-opens-to-the-general-public\/"},"wordCount":548,"publisher":{"@id":"https:\/\/portansereserve.com\/en\/#organization"},"image":{"@id":"https:\/\/portansereserve.com\/en\/heritage-days-the-port-of-anse-de-la-reserve-opens-to-the-general-public\/#primaryimage"},"thumbnailUrl":"https:\/\/portansereserve.com\/wp-content\/uploads\/2020\/04\/76591.jpg","articleSection":["Heritage"],"inLanguage":"en-US"},{"@type":"WebPage","@id":"https:\/\/portansereserve.com\/en\/heritage-days-the-port-of-anse-de-la-reserve-opens-to-the-general-public\/","url":"https:\/\/portansereserve.com\/en\/heritage-days-the-port-of-anse-de-la-reserve-opens-to-the-general-public\/","name":"Heritage Days: The Port of Anse de la R\u00e9serve opens to the general public - Port Anse de la R\u00e9serve","isPartOf":{"@id":"https:\/\/portansereserve.com\/en\/#website"},"primaryImageOfPage":{"@id":"https:\/\/portansereserve.com\/en\/heritage-days-the-port-of-anse-de-la-reserve-opens-to-the-general-public\/#primaryimage"},"image":{"@id":"https:\/\/portansereserve.com\/en\/heritage-days-the-port-of-anse-de-la-reserve-opens-to-the-general-public\/#primaryimage"},"thumbnailUrl":"https:\/\/portansereserve.com\/wp-content\/uploads\/2020\/04\/76591.jpg","datePublished":"2021-09-18T17:44:51+00:00","dateModified":"2022-06-07T15:53:35+00:00","description":"The Port of Anse de la R\u00e9serve, managed by the Aix-Marseille-Provence metropolitan CCI, is open to the general public on the occasion of European Heritage Days on Saturday September 18 from 10 a.m. to 5 p.m.","breadcrumb":{"@id":"https:\/\/portansereserve.com\/en\/heritage-days-the-port-of-anse-de-la-reserve-opens-to-the-general-public\/#breadcrumb"},"inLanguage":"en-US","potentialAction":[{"@type":"ReadAction","target":["https:\/\/portansereserve.com\/en\/heritage-days-the-port-of-anse-de-la-reserve-opens-to-the-general-public\/"]}]},{"@type":"ImageObject","inLanguage":"en-US","@id":"https:\/\/portansereserve.com\/en\/heritage-days-the-port-of-anse-de-la-reserve-opens-to-the-general-public\/#primaryimage","url":"https:\/\/portansereserve.com\/wp-content\/uploads\/2020\/04\/76591.jpg","contentUrl":"https:\/\/portansereserve.com\/wp-content\/uploads\/2020\/04\/76591.jpg","width":1200,"height":500},{"@type":"BreadcrumbList","@id":"https:\/\/portansereserve.com\/en\/heritage-days-the-port-of-anse-de-la-reserve-opens-to-the-general-public\/#breadcrumb","itemListElement":[{"@type":"ListItem","position":1,"name":"Accueil","item":"https:\/\/portansereserve.com\/en\/home\/"},{"@type":"ListItem","position":2,"name":"Heritage Days: The Port of Anse de la R\u00e9serve opens to the general public"}]},{"@type":"WebSite","@id":"https:\/\/portansereserve.com\/en\/#website","url":"https:\/\/portansereserve.com\/en\/","name":"Port Anse de la R\u00e9serve","description":"Un port qui a une histoire !","publisher":{"@id":"https:\/\/portansereserve.com\/en\/#organization"},"potentialAction":[{"@type":"SearchAction","target":{"@type":"EntryPoint","urlTemplate":"https:\/\/portansereserve.com\/en\/?s={search_term_string}"},"query-input":{"@type":"PropertyValueSpecification","valueRequired":true,"valueName":"search_term_string"}}],"inLanguage":"en-US"},{"@type":"Organization","@id":"https:\/\/portansereserve.com\/en\/#organization","name":"Port Anse de la R\u00e9serve","url":"https:\/\/portansereserve.com\/en\/","logo":{"@type":"ImageObject","inLanguage":"en-US","@id":"https:\/\/portansereserve.com\/en\/#\/schema\/logo\/image\/","url":"https:\/\/portansereserve.com\/wp-content\/uploads\/2022\/01\/Logo-PortAnsedelaReserve2020.png","contentUrl":"https:\/\/portansereserve.com\/wp-content\/uploads\/2022\/01\/Logo-PortAnsedelaReserve2020.png","width":658,"height":594,"caption":"Port Anse de la R\u00e9serve"},"image":{"@id":"https:\/\/portansereserve.com\/en\/#\/schema\/logo\/image\/"}},{"@type":"Person","@id":"https:\/\/portansereserve.com\/en\/#\/schema\/person\/2772ffe45fdf3962ae4519551e338122","name":"adminanse","image":{"@type":"ImageObject","inLanguage":"en-US","@id":"https:\/\/secure.gravatar.com\/avatar\/d1c5b67996bde4da05af5aa8dcda7333f21eb104044e903aff27958b974f8c8a?s=96&d=identicon&r=g","url":"https:\/\/secure.gravatar.com\/avatar\/d1c5b67996bde4da05af5aa8dcda7333f21eb104044e903aff27958b974f8c8a?s=96&d=identicon&r=g","contentUrl":"https:\/\/secure.gravatar.com\/avatar\/d1c5b67996bde4da05af5aa8dcda7333f21eb104044e903aff27958b974f8c8a?s=96&d=identicon&r=g","caption":"adminanse"},"url":"https:\/\/portansereserve.com\/en\/author\/adminanse\/"}]}},"_links":{"self":[{"href":"https:\/\/portansereserve.com\/en\/wp-json\/wp\/v2\/posts\/19557","targetHints":{"allow":["GET"]}}],"collection":[{"href":"https:\/\/portansereserve.com\/en\/wp-json\/wp\/v2\/posts"}],"about":[{"href":"https:\/\/portansereserve.com\/en\/wp-json\/wp\/v2\/types\/post"}],"author":[{"embeddable":true,"href":"https:\/\/portansereserve.com\/en\/wp-json\/wp\/v2\/users\/2"}],"replies":[{"embeddable":true,"href":"https:\/\/portansereserve.com\/en\/wp-json\/wp\/v2\/comments?post=19557"}],"version-history":[{"count":1,"href":"https:\/\/portansereserve.com\/en\/wp-json\/wp\/v2\/posts\/19557\/revisions"}],"predecessor-version":[{"id":20003,"href":"https:\/\/portansereserve.com\/en\/wp-json\/wp\/v2\/posts\/19557\/revisions\/20003"}],"wp:featuredmedia":[{"embeddable":true,"href":"https:\/\/portansereserve.com\/en\/wp-json\/wp\/v2\/media\/18478"}],"wp:attachment":[{"href":"https:\/\/portansereserve.com\/en\/wp-json\/wp\/v2\/media?parent=19557"}],"wp:term":[{"taxonomy":"category","embeddable":true,"href":"https:\/\/portansereserve.com\/en\/wp-json\/wp\/v2\/categories?post=19557"},{"taxonomy":"post_tag","embeddable":true,"href":"https:\/\/portansereserve.com\/en\/wp-json\/wp\/v2\/tags?post=19557"}],"curies":[{"name":"wp","href":"https:\/\/api.w.org\/{rel}","templated":true}]}}